{"id":41812,"date":"2025-09-09T17:17:04","date_gmt":"2025-09-09T20:17:04","guid":{"rendered":"https:\/\/contenedores-maritimos.cl\/?p=41812"},"modified":"2025-09-10T09:16:36","modified_gmt":"2025-09-10T12:16:36","slug":"quien-invento-los-contenedores-maritimos","status":"publish","type":"post","link":"https:\/\/contenedores-maritimos.cl\/index.php\/2025\/09\/09\/quien-invento-los-contenedores-maritimos\/","title":{"rendered":"\u00bfQui\u00e9n invent\u00f3 los contenedores mar\u00edtimos?"},"content":{"rendered":"<p><img fetchpriority=\"high\" decoding=\"async\" class=\"alignnone wp-image-41814 size-full\" src=\"https:\/\/contenedores-maritimos.cl\/wp-content\/uploads\/2025\/09\/foto-blog-20.png\" alt=\"\" width=\"974\" height=\"288\" srcset=\"https:\/\/contenedores-maritimos.cl\/wp-content\/uploads\/2025\/09\/foto-blog-20.png 974w, https:\/\/contenedores-maritimos.cl\/wp-content\/uploads\/2025\/09\/foto-blog-20-300x89.png 300w, https:\/\/contenedores-maritimos.cl\/wp-content\/uploads\/2025\/09\/foto-blog-20-768x227.png 768w\" sizes=\"(max-width: 974px) 100vw, 974px\" \/><\/p>\n<p data-start=\"635\" data-end=\"999\">Hoy damos por sentado que todo puede transportarse en un contenedor: autos, ropa, alimentos, incluso casas prefabricadas. Pero este invento no existi\u00f3 siempre. Durante siglos, el comercio internacional fue un proceso lento, costoso y lleno de obst\u00e1culos. La pregunta es: <strong data-start=\"906\" data-end=\"997\">\u00bfQui\u00e9n invent\u00f3 los <a href=\"https:\/\/containerspatagonia.cl\/containers-maritimos\/\">contenedores mar\u00edtimos<\/a> y c\u00f3mo logr\u00f3 revolucionar la econom\u00eda global?<\/strong><\/p>\n<h4 data-start=\"1001\" data-end=\"1042\"><a href=\"https:\/\/containerspatagonia.cl\/\">El mundo antes de los contenedores<\/a><\/h4>\n<p data-start=\"1043\" data-end=\"1256\">Antes de 1950, la carga se mov\u00eda pieza por pieza. Sacos, barriles, cajas de madera\u2026 cada producto deb\u00eda manipularse varias veces: del cami\u00f3n al muelle, del muelle al barco, y al rev\u00e9s en destino. Esto implicaba:<\/p>\n<ul data-start=\"1257\" data-end=\"1382\">\n<li data-start=\"1257\" data-end=\"1293\">\n<p data-start=\"1259\" data-end=\"1293\">Tiempos de carga de varios d\u00edas.<\/p>\n<\/li>\n<li data-start=\"1294\" data-end=\"1327\">\n<p data-start=\"1296\" data-end=\"1327\">Altos costos de mano de obra.<\/p>\n<\/li>\n<li data-start=\"1328\" data-end=\"1382\">\n<p data-start=\"1330\" data-end=\"1382\">Riesgo constante de robos y da\u00f1os en la mercanc\u00eda.<\/p>\n<\/li>\n<\/ul>\n<p data-start=\"1384\" data-end=\"1516\">Transportar un producto a miles de kil\u00f3metros era tan complejo que, en muchos casos, resultaba m\u00e1s caro que fabricarlo localmente.<\/p>\n<h4 data-start=\"1518\" data-end=\"1572\">Malcom McLean: el padre del <a href=\"https:\/\/containerspatagonia.cl\/\">contenedor mar\u00edtimo<\/a><\/h4>\n<p data-start=\"1573\" data-end=\"1913\">El gran cambio lleg\u00f3 con <strong data-start=\"1598\" data-end=\"1615\">Malcom McLean<\/strong>, un empresario estadounidense de transporte terrestre. En 1937, mientras esperaba que descargaran su cami\u00f3n en un puerto, pens\u00f3: <em data-start=\"1745\" data-end=\"1828\">\u201c\u00bfPor qu\u00e9 no cargar todo el cami\u00f3n en el barco, en lugar de descargar cada caja?\u201d<\/em>. Esa idea simple tard\u00f3 a\u00f1os en concretarse, pero se convertir\u00eda en una revoluci\u00f3n.<\/p>\n<p data-start=\"1915\" data-end=\"2189\">En 1956, McLean compr\u00f3 un viejo buque petrolero, lo adapt\u00f3 y carg\u00f3 en \u00e9l <strong data-start=\"1988\" data-end=\"2017\">58 <a href=\"https:\/\/containerspatagonia.cl\/\">contenedores<\/a> met\u00e1licos<\/strong>. Era la primera vez que mercanc\u00edas viajaban en cajas estandarizadas, listas para moverse del barco al tren o al cami\u00f3n sin abrirse. El experimento fue un \u00e9xito absoluto.<\/p>\n<h4 data-start=\"2191\" data-end=\"2232\">La estandarizaci\u00f3n que cambi\u00f3 todo<\/h4>\n<p data-start=\"2233\" data-end=\"2462\">El verdadero poder de los contenedores vino con la estandarizaci\u00f3n. No bastaba con tener cajas met\u00e1licas; hac\u00eda falta que fueran del mismo tama\u00f1o y que encajaran en barcos, camiones, gr\u00faas y trenes en cualquier parte del mundo.<\/p>\n<p data-start=\"2464\" data-end=\"2509\">As\u00ed nacieron los tama\u00f1os que hoy conocemos:<\/p>\n<ul data-start=\"2510\" data-end=\"2614\">\n<li data-start=\"2510\" data-end=\"2561\">\n<p data-start=\"2512\" data-end=\"2561\"><a href=\"http:\/\/containerspatagonia.cl\/productos\/container-maritimo-20-pies\/\"><strong data-start=\"2512\" data-end=\"2523\">20 pies<\/strong><\/a> (TEU: Twenty-foot Equivalent Unit).<\/p>\n<\/li>\n<li data-start=\"2562\" data-end=\"2614\">\n<p data-start=\"2564\" data-end=\"2614\"><a href=\"http:\/\/containerspatagonia.cl\/productos\/container-maritimo-40-pies\/\"><strong data-start=\"2564\" data-end=\"2575\">40 pies<\/strong><\/a>, m\u00e1s com\u00fan en rutas internacionales.<\/p>\n<\/li>\n<\/ul>\n<p data-start=\"2616\" data-end=\"2736\">Esta uniformidad permiti\u00f3 que el sistema se adoptara de manera global, creando un lenguaje universal para el comercio.<\/p>\n<h4 data-start=\"2738\" data-end=\"2779\">Los efectos de la containerizaci\u00f3n<\/h4>\n<p data-start=\"2780\" data-end=\"2861\">La llamada <em data-start=\"2791\" data-end=\"2809\">containerizaci\u00f3n<\/em> gener\u00f3 un cambio profundo en la econom\u00eda mundial:<\/p>\n<ul data-start=\"2862\" data-end=\"3264\">\n<li data-start=\"2862\" data-end=\"2970\">\n<p data-start=\"2864\" data-end=\"2970\"><strong data-start=\"2864\" data-end=\"2885\">Costos reducidos:<\/strong> transportar mercanc\u00edas baj\u00f3 hasta un 90% en comparaci\u00f3n con el m\u00e9todo tradicional.<\/p>\n<\/li>\n<li data-start=\"2971\" data-end=\"3056\">\n<p data-start=\"2973\" data-end=\"3056\"><strong data-start=\"2973\" data-end=\"2987\">Velocidad:<\/strong> lo que antes tardaba d\u00edas en cargarse, ahora se resolv\u00eda en horas.<\/p>\n<\/li>\n<li data-start=\"3057\" data-end=\"3132\">\n<p data-start=\"3059\" data-end=\"3132\"><strong data-start=\"3059\" data-end=\"3073\">Seguridad:<\/strong> la carga viaja cerrada, con menos riesgo de robo o da\u00f1o.<\/p>\n<\/li>\n<li data-start=\"3133\" data-end=\"3264\">\n<p data-start=\"3135\" data-end=\"3264\"><strong data-start=\"3135\" data-end=\"3163\">Globalizaci\u00f3n acelerada:<\/strong> gracias a los contenedores, fue viable producir en un pa\u00eds y vender en otro a miles de kil\u00f3metros.<\/p>\n<\/li>\n<\/ul>\n<h4 data-start=\"3266\" data-end=\"3311\">Un invento comparable al motor a vapor<\/h4>\n<p data-start=\"3312\" data-end=\"3504\">Los economistas colocan a los contenedores mar\u00edtimos al nivel de inventos como el ferrocarril, la m\u00e1quina de vapor o internet. Sin ellos, la globalizaci\u00f3n como la conocemos ser\u00eda impensable.<\/p>\n<p data-start=\"3506\" data-end=\"3668\">Hoy, m\u00e1s del <strong data-start=\"3519\" data-end=\"3547\">90% del comercio mundial<\/strong> viaja en <a href=\"https:\/\/containerspatagonia.cl\/\">contenedores mar\u00edtimos<\/a>. Desde tu celular hasta la ropa que usas probablemente cruzaron oc\u00e9anos dentro de uno.<\/p>\n<p data-start=\"3688\" data-end=\"4016\">Entonces, si te preguntas <strong data-start=\"3714\" data-end=\"3758\">qui\u00e9n invent\u00f3 los <a href=\"https:\/\/containerspatagonia.cl\/\">contenedores mar\u00edtimos<\/a><\/strong>, la respuesta es clara: Malcom McLean, el hombre que en 1956 cambi\u00f3 para siempre la forma en que se mueve la econom\u00eda. Su visi\u00f3n convirti\u00f3 una idea pr\u00e1ctica en la columna vertebral del comercio moderno, y su legado sigue flotando en cada puerto del mundo.<\/p>\n","protected":false},"excerpt":{"rendered":"<p>Hoy damos por sentado que todo puede transportarse en un contenedor: autos, ropa, alimentos, incluso casas prefabricadas. Pero este invento no existi\u00f3 siempre. Durante siglos, el comercio internacional fue un proceso lento, costoso y lleno de obst\u00e1culos. La pregunta es: \u00bfQui\u00e9n invent\u00f3 los contenedores mar\u00edtimos y c\u00f3mo logr\u00f3 revolucionar la econom\u00eda global? El mundo antes [&hellip;]<\/p>\n","protected":false},"author":3,"featured_media":41813,"comment_status":"open","ping_status":"open","sticky":false,"template":"","format":"standard","meta":{"footnotes":""},"categories":[1],"tags":[],"class_list":["post-41812","post","type-post","status-publish","format-standard","has-post-thumbnail","hentry","category-blog"],"yoast_head":"<!-- This site is optimized with the Yoast SEO plugin v26.6 - https:\/\/yoast.com\/wordpress\/plugins\/seo\/ -->\n<title>\u00bfQui\u00e9n invent\u00f3 los contenedores mar\u00edtimos?<\/title>\n<meta name=\"description\" content=\"Conoce qui\u00e9n invent\u00f3 los contenedores mar\u00edtimos, c\u00f3mo surgieron y por qu\u00e9 son clave en la historia del comercio internacional.\" \/>\n<meta name=\"robots\" content=\"index, follow, max-snippet:-1, max-image-preview:large, max-video-preview:-1\" \/>\n<link rel=\"canonical\" href=\"https:\/\/contenedores-maritimos.cl\/index.php\/2025\/09\/09\/quien-invento-los-contenedores-maritimos\/\" \/>\n<meta property=\"og:locale\" content=\"es_ES\" \/>\n<meta property=\"og:type\" content=\"article\" \/>\n<meta property=\"og:title\" content=\"\u00bfQui\u00e9n invent\u00f3 los contenedores mar\u00edtimos?\" \/>\n<meta property=\"og:description\" content=\"Conoce qui\u00e9n invent\u00f3 los contenedores mar\u00edtimos, c\u00f3mo surgieron y por qu\u00e9 son clave en la historia del comercio internacional.\" \/>\n<meta property=\"og:url\" content=\"https:\/\/contenedores-maritimos.cl\/index.php\/2025\/09\/09\/quien-invento-los-contenedores-maritimos\/\" \/>\n<meta property=\"og:site_name\" content=\"Containers Maritimos en Venta y Arriendo\" \/>\n<meta property=\"article:publisher\" content=\"https:\/\/www.facebook.com\/conpatagoniacl\" \/>\n<meta property=\"article:published_time\" content=\"2025-09-09T20:17:04+00:00\" \/>\n<meta property=\"article:modified_time\" content=\"2025-09-10T12:16:36+00:00\" \/>\n<meta property=\"og:image\" content=\"https:\/\/contenedores-maritimos.cl\/wp-content\/uploads\/2025\/09\/noti24.png\" \/>\n\t<meta property=\"og:image:width\" content=\"731\" \/>\n\t<meta property=\"og:image:height\" content=\"499\" \/>\n\t<meta property=\"og:image:type\" content=\"image\/png\" \/>\n<meta name=\"author\" content=\"Nathalia Inzunza\" \/>\n<meta name=\"twitter:card\" content=\"summary_large_image\" \/>\n<meta name=\"twitter:label1\" content=\"Escrito por\" \/>\n\t<meta name=\"twitter:data1\" content=\"Nathalia Inzunza\" \/>\n\t<meta name=\"twitter:label2\" content=\"Tiempo de lectura\" \/>\n\t<meta name=\"twitter:data2\" content=\"3 minutos\" \/>\n<script type=\"application\/ld+json\" class=\"yoast-schema-graph\">{\"@context\":\"https:\/\/schema.org\",\"@graph\":[{\"@type\":\"Article\",\"@id\":\"https:\/\/contenedores-maritimos.cl\/index.php\/2025\/09\/09\/quien-invento-los-contenedores-maritimos\/#article\",\"isPartOf\":{\"@id\":\"https:\/\/contenedores-maritimos.cl\/index.php\/2025\/09\/09\/quien-invento-los-contenedores-maritimos\/\"},\"author\":{\"name\":\"Nathalia Inzunza\",\"@id\":\"https:\/\/contenedores-maritimos.cl\/#\/schema\/person\/df9c24c7e1b34bf59e36beeef1b0c557\"},\"headline\":\"\u00bfQui\u00e9n invent\u00f3 los contenedores mar\u00edtimos?\",\"datePublished\":\"2025-09-09T20:17:04+00:00\",\"dateModified\":\"2025-09-10T12:16:36+00:00\",\"mainEntityOfPage\":{\"@id\":\"https:\/\/contenedores-maritimos.cl\/index.php\/2025\/09\/09\/quien-invento-los-contenedores-maritimos\/\"},\"wordCount\":565,\"commentCount\":0,\"publisher\":{\"@id\":\"https:\/\/contenedores-maritimos.cl\/#organization\"},\"image\":{\"@id\":\"https:\/\/contenedores-maritimos.cl\/index.php\/2025\/09\/09\/quien-invento-los-contenedores-maritimos\/#primaryimage\"},\"thumbnailUrl\":\"https:\/\/contenedores-maritimos.cl\/wp-content\/uploads\/2025\/09\/noti24.png\",\"articleSection\":[\"Blog\"],\"inLanguage\":\"es\",\"potentialAction\":[{\"@type\":\"CommentAction\",\"name\":\"Comment\",\"target\":[\"https:\/\/contenedores-maritimos.cl\/index.php\/2025\/09\/09\/quien-invento-los-contenedores-maritimos\/#respond\"]}]},{\"@type\":\"WebPage\",\"@id\":\"https:\/\/contenedores-maritimos.cl\/index.php\/2025\/09\/09\/quien-invento-los-contenedores-maritimos\/\",\"url\":\"https:\/\/contenedores-maritimos.cl\/index.php\/2025\/09\/09\/quien-invento-los-contenedores-maritimos\/\",\"name\":\"\u00bfQui\u00e9n invent\u00f3 los contenedores mar\u00edtimos?\",\"isPartOf\":{\"@id\":\"https:\/\/contenedores-maritimos.cl\/#website\"},\"primaryImageOfPage\":{\"@id\":\"https:\/\/contenedores-maritimos.cl\/index.php\/2025\/09\/09\/quien-invento-los-contenedores-maritimos\/#primaryimage\"},\"image\":{\"@id\":\"https:\/\/contenedores-maritimos.cl\/index.php\/2025\/09\/09\/quien-invento-los-contenedores-maritimos\/#primaryimage\"},\"thumbnailUrl\":\"https:\/\/contenedores-maritimos.cl\/wp-content\/uploads\/2025\/09\/noti24.png\",\"datePublished\":\"2025-09-09T20:17:04+00:00\",\"dateModified\":\"2025-09-10T12:16:36+00:00\",\"description\":\"Conoce qui\u00e9n invent\u00f3 los contenedores mar\u00edtimos, c\u00f3mo surgieron y por qu\u00e9 son clave en la historia del comercio internacional.\",\"breadcrumb\":{\"@id\":\"https:\/\/contenedores-maritimos.cl\/index.php\/2025\/09\/09\/quien-invento-los-contenedores-maritimos\/#breadcrumb\"},\"inLanguage\":\"es\",\"potentialAction\":[{\"@type\":\"ReadAction\",\"target\":[\"https:\/\/contenedores-maritimos.cl\/index.php\/2025\/09\/09\/quien-invento-los-contenedores-maritimos\/\"]}]},{\"@type\":\"ImageObject\",\"inLanguage\":\"es\",\"@id\":\"https:\/\/contenedores-maritimos.cl\/index.php\/2025\/09\/09\/quien-invento-los-contenedores-maritimos\/#primaryimage\",\"url\":\"https:\/\/contenedores-maritimos.cl\/wp-content\/uploads\/2025\/09\/noti24.png\",\"contentUrl\":\"https:\/\/contenedores-maritimos.cl\/wp-content\/uploads\/2025\/09\/noti24.png\",\"width\":731,\"height\":499},{\"@type\":\"BreadcrumbList\",\"@id\":\"https:\/\/contenedores-maritimos.cl\/index.php\/2025\/09\/09\/quien-invento-los-contenedores-maritimos\/#breadcrumb\",\"itemListElement\":[{\"@type\":\"ListItem\",\"position\":1,\"name\":\"Portada\",\"item\":\"https:\/\/contenedores-maritimos.cl\/\"},{\"@type\":\"ListItem\",\"position\":2,\"name\":\"\u00bfQui\u00e9n invent\u00f3 los contenedores mar\u00edtimos?\"}]},{\"@type\":\"WebSite\",\"@id\":\"https:\/\/contenedores-maritimos.cl\/#website\",\"url\":\"https:\/\/contenedores-maritimos.cl\/\",\"name\":\"containers-maritimos.cl\",\"description\":\"\",\"publisher\":{\"@id\":\"https:\/\/contenedores-maritimos.cl\/#organization\"},\"potentialAction\":[{\"@type\":\"SearchAction\",\"target\":{\"@type\":\"EntryPoint\",\"urlTemplate\":\"https:\/\/contenedores-maritimos.cl\/?s={search_term_string}\"},\"query-input\":{\"@type\":\"PropertyValueSpecification\",\"valueRequired\":true,\"valueName\":\"search_term_string\"}}],\"inLanguage\":\"es\"},{\"@type\":\"Organization\",\"@id\":\"https:\/\/contenedores-maritimos.cl\/#organization\",\"name\":\"Containers Maritimos en Venta y Arriendo | Contenedores Patagonia | containerspatagonia.cl\",\"url\":\"https:\/\/contenedores-maritimos.cl\/\",\"logo\":{\"@type\":\"ImageObject\",\"inLanguage\":\"es\",\"@id\":\"https:\/\/contenedores-maritimos.cl\/#\/schema\/logo\/image\/\",\"url\":\"https:\/\/contenedores-maritimos.cl\/wp-content\/uploads\/2023\/08\/logo-icon.png\",\"contentUrl\":\"https:\/\/contenedores-maritimos.cl\/wp-content\/uploads\/2023\/08\/logo-icon.png\",\"width\":625,\"height\":641,\"caption\":\"Containers Maritimos en Venta y Arriendo | Contenedores Patagonia | containerspatagonia.cl\"},\"image\":{\"@id\":\"https:\/\/contenedores-maritimos.cl\/#\/schema\/logo\/image\/\"},\"sameAs\":[\"https:\/\/www.facebook.com\/conpatagoniacl\",\"https:\/\/www.linkedin.com\/company\/conpatagoniacl\",\"https:\/\/www.instagram.com\/conpatagoniacl\"]},{\"@type\":\"Person\",\"@id\":\"https:\/\/contenedores-maritimos.cl\/#\/schema\/person\/df9c24c7e1b34bf59e36beeef1b0c557\",\"name\":\"Nathalia Inzunza\",\"image\":{\"@type\":\"ImageObject\",\"inLanguage\":\"es\",\"@id\":\"https:\/\/contenedores-maritimos.cl\/#\/schema\/person\/image\/\",\"url\":\"https:\/\/secure.gravatar.com\/avatar\/23df8764fb39c06846bace3483c9c958f31668c15d16f9a7b03eefde78f7da65?s=96&d=mm&r=g\",\"contentUrl\":\"https:\/\/secure.gravatar.com\/avatar\/23df8764fb39c06846bace3483c9c958f31668c15d16f9a7b03eefde78f7da65?s=96&d=mm&r=g\",\"caption\":\"Nathalia Inzunza\"},\"url\":\"https:\/\/contenedores-maritimos.cl\/index.php\/author\/nathalia\/\"}]}<\/script>\n<!-- \/ Yoast SEO plugin. -->","yoast_head_json":{"title":"\u00bfQui\u00e9n invent\u00f3 los contenedores mar\u00edtimos?","description":"Conoce qui\u00e9n invent\u00f3 los contenedores mar\u00edtimos, c\u00f3mo surgieron y por qu\u00e9 son clave en la historia del comercio internacional.","robots":{"index":"index","follow":"follow","max-snippet":"max-snippet:-1","max-image-preview":"max-image-preview:large","max-video-preview":"max-video-preview:-1"},"canonical":"https:\/\/contenedores-maritimos.cl\/index.php\/2025\/09\/09\/quien-invento-los-contenedores-maritimos\/","og_locale":"es_ES","og_type":"article","og_title":"\u00bfQui\u00e9n invent\u00f3 los contenedores mar\u00edtimos?","og_description":"Conoce qui\u00e9n invent\u00f3 los contenedores mar\u00edtimos, c\u00f3mo surgieron y por qu\u00e9 son clave en la historia del comercio internacional.","og_url":"https:\/\/contenedores-maritimos.cl\/index.php\/2025\/09\/09\/quien-invento-los-contenedores-maritimos\/","og_site_name":"Containers Maritimos en Venta y Arriendo","article_publisher":"https:\/\/www.facebook.com\/conpatagoniacl","article_published_time":"2025-09-09T20:17:04+00:00","article_modified_time":"2025-09-10T12:16:36+00:00","og_image":[{"width":731,"height":499,"url":"https:\/\/contenedores-maritimos.cl\/wp-content\/uploads\/2025\/09\/noti24.png","type":"image\/png"}],"author":"Nathalia Inzunza","twitter_card":"summary_large_image","twitter_misc":{"Escrito por":"Nathalia Inzunza","Tiempo de lectura":"3 minutos"},"schema":{"@context":"https:\/\/schema.org","@graph":[{"@type":"Article","@id":"https:\/\/contenedores-maritimos.cl\/index.php\/2025\/09\/09\/quien-invento-los-contenedores-maritimos\/#article","isPartOf":{"@id":"https:\/\/contenedores-maritimos.cl\/index.php\/2025\/09\/09\/quien-invento-los-contenedores-maritimos\/"},"author":{"name":"Nathalia Inzunza","@id":"https:\/\/contenedores-maritimos.cl\/#\/schema\/person\/df9c24c7e1b34bf59e36beeef1b0c557"},"headline":"\u00bfQui\u00e9n invent\u00f3 los contenedores mar\u00edtimos?","datePublished":"2025-09-09T20:17:04+00:00","dateModified":"2025-09-10T12:16:36+00:00","mainEntityOfPage":{"@id":"https:\/\/contenedores-maritimos.cl\/index.php\/2025\/09\/09\/quien-invento-los-contenedores-maritimos\/"},"wordCount":565,"commentCount":0,"publisher":{"@id":"https:\/\/contenedores-maritimos.cl\/#organization"},"image":{"@id":"https:\/\/contenedores-maritimos.cl\/index.php\/2025\/09\/09\/quien-invento-los-contenedores-maritimos\/#primaryimage"},"thumbnailUrl":"https:\/\/contenedores-maritimos.cl\/wp-content\/uploads\/2025\/09\/noti24.png","articleSection":["Blog"],"inLanguage":"es","potentialAction":[{"@type":"CommentAction","name":"Comment","target":["https:\/\/contenedores-maritimos.cl\/index.php\/2025\/09\/09\/quien-invento-los-contenedores-maritimos\/#respond"]}]},{"@type":"WebPage","@id":"https:\/\/contenedores-maritimos.cl\/index.php\/2025\/09\/09\/quien-invento-los-contenedores-maritimos\/","url":"https:\/\/contenedores-maritimos.cl\/index.php\/2025\/09\/09\/quien-invento-los-contenedores-maritimos\/","name":"\u00bfQui\u00e9n invent\u00f3 los contenedores mar\u00edtimos?","isPartOf":{"@id":"https:\/\/contenedores-maritimos.cl\/#website"},"primaryImageOfPage":{"@id":"https:\/\/contenedores-maritimos.cl\/index.php\/2025\/09\/09\/quien-invento-los-contenedores-maritimos\/#primaryimage"},"image":{"@id":"https:\/\/contenedores-maritimos.cl\/index.php\/2025\/09\/09\/quien-invento-los-contenedores-maritimos\/#primaryimage"},"thumbnailUrl":"https:\/\/contenedores-maritimos.cl\/wp-content\/uploads\/2025\/09\/noti24.png","datePublished":"2025-09-09T20:17:04+00:00","dateModified":"2025-09-10T12:16:36+00:00","description":"Conoce qui\u00e9n invent\u00f3 los contenedores mar\u00edtimos, c\u00f3mo surgieron y por qu\u00e9 son clave en la historia del comercio internacional.","breadcrumb":{"@id":"https:\/\/contenedores-maritimos.cl\/index.php\/2025\/09\/09\/quien-invento-los-contenedores-maritimos\/#breadcrumb"},"inLanguage":"es","potentialAction":[{"@type":"ReadAction","target":["https:\/\/contenedores-maritimos.cl\/index.php\/2025\/09\/09\/quien-invento-los-contenedores-maritimos\/"]}]},{"@type":"ImageObject","inLanguage":"es","@id":"https:\/\/contenedores-maritimos.cl\/index.php\/2025\/09\/09\/quien-invento-los-contenedores-maritimos\/#primaryimage","url":"https:\/\/contenedores-maritimos.cl\/wp-content\/uploads\/2025\/09\/noti24.png","contentUrl":"https:\/\/contenedores-maritimos.cl\/wp-content\/uploads\/2025\/09\/noti24.png","width":731,"height":499},{"@type":"BreadcrumbList","@id":"https:\/\/contenedores-maritimos.cl\/index.php\/2025\/09\/09\/quien-invento-los-contenedores-maritimos\/#breadcrumb","itemListElement":[{"@type":"ListItem","position":1,"name":"Portada","item":"https:\/\/contenedores-maritimos.cl\/"},{"@type":"ListItem","position":2,"name":"\u00bfQui\u00e9n invent\u00f3 los contenedores mar\u00edtimos?"}]},{"@type":"WebSite","@id":"https:\/\/contenedores-maritimos.cl\/#website","url":"https:\/\/contenedores-maritimos.cl\/","name":"containers-maritimos.cl","description":"","publisher":{"@id":"https:\/\/contenedores-maritimos.cl\/#organization"},"potentialAction":[{"@type":"SearchAction","target":{"@type":"EntryPoint","urlTemplate":"https:\/\/contenedores-maritimos.cl\/?s={search_term_string}"},"query-input":{"@type":"PropertyValueSpecification","valueRequired":true,"valueName":"search_term_string"}}],"inLanguage":"es"},{"@type":"Organization","@id":"https:\/\/contenedores-maritimos.cl\/#organization","name":"Containers Maritimos en Venta y Arriendo | Contenedores Patagonia | containerspatagonia.cl","url":"https:\/\/contenedores-maritimos.cl\/","logo":{"@type":"ImageObject","inLanguage":"es","@id":"https:\/\/contenedores-maritimos.cl\/#\/schema\/logo\/image\/","url":"https:\/\/contenedores-maritimos.cl\/wp-content\/uploads\/2023\/08\/logo-icon.png","contentUrl":"https:\/\/contenedores-maritimos.cl\/wp-content\/uploads\/2023\/08\/logo-icon.png","width":625,"height":641,"caption":"Containers Maritimos en Venta y Arriendo | Contenedores Patagonia | containerspatagonia.cl"},"image":{"@id":"https:\/\/contenedores-maritimos.cl\/#\/schema\/logo\/image\/"},"sameAs":["https:\/\/www.facebook.com\/conpatagoniacl","https:\/\/www.linkedin.com\/company\/conpatagoniacl","https:\/\/www.instagram.com\/conpatagoniacl"]},{"@type":"Person","@id":"https:\/\/contenedores-maritimos.cl\/#\/schema\/person\/df9c24c7e1b34bf59e36beeef1b0c557","name":"Nathalia Inzunza","image":{"@type":"ImageObject","inLanguage":"es","@id":"https:\/\/contenedores-maritimos.cl\/#\/schema\/person\/image\/","url":"https:\/\/secure.gravatar.com\/avatar\/23df8764fb39c06846bace3483c9c958f31668c15d16f9a7b03eefde78f7da65?s=96&d=mm&r=g","contentUrl":"https:\/\/secure.gravatar.com\/avatar\/23df8764fb39c06846bace3483c9c958f31668c15d16f9a7b03eefde78f7da65?s=96&d=mm&r=g","caption":"Nathalia Inzunza"},"url":"https:\/\/contenedores-maritimos.cl\/index.php\/author\/nathalia\/"}]}},"_links":{"self":[{"href":"https:\/\/contenedores-maritimos.cl\/index.php\/wp-json\/wp\/v2\/posts\/41812","targetHints":{"allow":["GET"]}}],"collection":[{"href":"https:\/\/contenedores-maritimos.cl\/index.php\/wp-json\/wp\/v2\/posts"}],"about":[{"href":"https:\/\/contenedores-maritimos.cl\/index.php\/wp-json\/wp\/v2\/types\/post"}],"author":[{"embeddable":true,"href":"https:\/\/contenedores-maritimos.cl\/index.php\/wp-json\/wp\/v2\/users\/3"}],"replies":[{"embeddable":true,"href":"https:\/\/contenedores-maritimos.cl\/index.php\/wp-json\/wp\/v2\/comments?post=41812"}],"version-history":[{"count":3,"href":"https:\/\/contenedores-maritimos.cl\/index.php\/wp-json\/wp\/v2\/posts\/41812\/revisions"}],"predecessor-version":[{"id":41818,"href":"https:\/\/contenedores-maritimos.cl\/index.php\/wp-json\/wp\/v2\/posts\/41812\/revisions\/41818"}],"wp:featuredmedia":[{"embeddable":true,"href":"https:\/\/contenedores-maritimos.cl\/index.php\/wp-json\/wp\/v2\/media\/41813"}],"wp:attachment":[{"href":"https:\/\/contenedores-maritimos.cl\/index.php\/wp-json\/wp\/v2\/media?parent=41812"}],"wp:term":[{"taxonomy":"category","embeddable":true,"href":"https:\/\/contenedores-maritimos.cl\/index.php\/wp-json\/wp\/v2\/categories?post=41812"},{"taxonomy":"post_tag","embeddable":true,"href":"https:\/\/contenedores-maritimos.cl\/index.php\/wp-json\/wp\/v2\/tags?post=41812"}],"curies":[{"name":"wp","href":"https:\/\/api.w.org\/{rel}","templated":true}]}}